{"id":496,"date":"2024-03-18T13:01:01","date_gmt":"2024-03-18T16:01:01","guid":{"rendered":"https:\/\/xn--redebrasileiradetelogas-njc.org\/?p=496"},"modified":"2024-03-20T20:23:38","modified_gmt":"2024-03-20T23:23:38","slug":"viviane-aparecida-moreira-silva","status":"publish","type":"post","link":"https:\/\/xn--redebrasileiradetelogas-njc.org\/index.php\/2024\/03\/18\/viviane-aparecida-moreira-silva\/","title":{"rendered":"VIVIANE APARECIDA MOREIRA SILVA"},"content":{"rendered":"\t\t<div data-elementor-type=\"wp-post\" data-elementor-id=\"496\" class=\"elementor elementor-496\" data-elementor-post-type=\"post\">\n\t\t\t\t\t\t<section class=\"elementor-section elementor-top-section elementor-element elementor-element-11a2ef31 elementor-section-full_width elementor-section-height-default elementor-section-height-default wpr-particle-no wpr-jarallax-no wpr-parallax-no wpr-sticky-section-no wpr-equal-height-no\" data-id=\"11a2ef31\" data-element_type=\"section\" data-e-type=\"section\">\n\t\t\t\t\t\t<div class=\"elementor-container elementor-column-gap-default\">\n\t\t\t\t\t<div class=\"elementor-column elementor-col-100 elementor-top-column elementor-element elementor-element-10328101\" data-id=\"10328101\" data-element_type=\"column\" data-e-type=\"column\">\n\t\t\t<div class=\"elementor-widget-wrap elementor-element-populated\">\n\t\t\t\t\t\t<div class=\"elementor-element elementor-element-22ac10b6 elementor-widget__width-initial elementor-widget elementor-widget-image\" data-id=\"22ac10b6\" data-element_type=\"widget\" data-e-type=\"widget\" data-widget_type=\"image.default\">\n\t\t\t\t\t\t\t\t\t\t\t\t\t\t\t\t<a href=\"http:\/\/xn--redebrasileiradetelogas-njc.org\/wp-content\/uploads\/2023\/11\/Viviane-Moreira.jpg\" data-elementor-open-lightbox=\"yes\" data-elementor-lightbox-title=\"Viviane Moreira\" data-e-action-hash=\"#elementor-action%3Aaction%3Dlightbox%26settings%3DeyJpZCI6Mjk0LCJ1cmwiOiJodHRwczpcL1wveG4tLXJlZGVicmFzaWxlaXJhZGV0ZWxvZ2FzLW5qYy5vcmdcL3dwLWNvbnRlbnRcL3VwbG9hZHNcLzIwMjNcLzExXC9WaXZpYW5lLU1vcmVpcmEuanBnIn0%3D\">\n\t\t\t\t\t\t\t<img fetchpriority=\"high\" decoding=\"async\" width=\"688\" height=\"917\" src=\"https:\/\/xn--redebrasileiradetelogas-njc.org\/wp-content\/uploads\/2023\/11\/Viviane-Moreira.jpg\" class=\"attachment-large size-large wp-image-294\" alt=\"\" srcset=\"https:\/\/xn--redebrasileiradetelogas-njc.org\/wp-content\/uploads\/2023\/11\/Viviane-Moreira.jpg 688w, https:\/\/xn--redebrasileiradetelogas-njc.org\/wp-content\/uploads\/2023\/11\/Viviane-Moreira-225x300.jpg 225w\" sizes=\"(max-width: 688px) 100vw, 688px\" \/>\t\t\t\t\t\t\t\t<\/a>\n\t\t\t\t\t\t\t\t\t\t\t\t\t\t\t<\/div>\n\t\t\t\t<div class=\"elementor-element elementor-element-20bdce03 elementor-widget elementor-widget-spacer\" data-id=\"20bdce03\" data-element_type=\"widget\" data-e-type=\"widget\" data-widget_type=\"spacer.default\">\n\t\t\t\t\t\t\t<div class=\"elementor-spacer\">\n\t\t\t<div class=\"elementor-spacer-inner\"><\/div>\n\t\t<\/div>\n\t\t\t\t\t\t<\/div>\n\t\t\t\t<div class=\"elementor-element elementor-element-5824cb0 elementor-widget__width-initial elementor-widget elementor-widget-text-editor\" data-id=\"5824cb0\" data-element_type=\"widget\" data-e-type=\"widget\" data-widget_type=\"text-editor.default\">\n\t\t\t\t\t\t\t\t\t<p><strong>Linha de pesquisa:<\/strong> Transdisciplinariedade, Feminismo, Religi\u00e3o e Tecnologia de Informa\u00e7\u00e3o e Comunica\u00e7\u00e3o.<\/p>\t\t\t\t\t\t\t\t<\/div>\n\t\t\t\t\t<\/div>\n\t\t<\/div>\n\t\t\t\t\t<\/div>\n\t\t<\/section>\n\t\t\t\t<section class=\"elementor-section elementor-top-section elementor-element elementor-element-5e8cc902 elementor-section-boxed elementor-section-height-default elementor-section-height-default wpr-particle-no wpr-jarallax-no wpr-parallax-no wpr-sticky-section-no wpr-equal-height-no\" data-id=\"5e8cc902\" data-element_type=\"section\" data-e-type=\"section\">\n\t\t\t\t\t\t<div class=\"elementor-container elementor-column-gap-default\">\n\t\t\t\t\t<div class=\"elementor-column elementor-col-50 elementor-top-column elementor-element elementor-element-18864cd6\" data-id=\"18864cd6\" data-element_type=\"column\" data-e-type=\"column\">\n\t\t\t<div class=\"elementor-widget-wrap elementor-element-populated\">\n\t\t\t\t\t\t<div class=\"elementor-element elementor-element-27b63a9f elementor-widget__width-initial elementor-widget elementor-widget-text-editor\" data-id=\"27b63a9f\" data-element_type=\"widget\" data-e-type=\"widget\" data-widget_type=\"text-editor.default\">\n\t\t\t\t\t\t\t\t\t<h3><span style=\"font-weight: normal;\">VIVIANE MOREIRA \u00e9 Mestra em Teologia pela Pontif\u00edcia Universidade Cat\u00f3lica do Rio de Janeiro \u2013 PUC-Rio. Nascida e criada nas CEBS, fez parte da coordena\u00e7\u00e3o da PJ \/Regional Leste II e participaou dos n\u00facleos de Forma\u00e7\u00e3o do CEBI- Minnas. Com forma\u00e7\u00e3o t\u00e9cnica em web design, possui experi\u00eancia em EAD por meio do trabalho como tutora no Curso de Teologia a Dist\u00e2ncia da PUC-Rio, experi\u00eancia profissional com inclus\u00e3o digital e implementa\u00e7\u00e3o de m\u00e9todos de utiliza\u00e7\u00e3o de TICs. Atualmente \u00e9 analista de m\u00eddias digitais do iiLer e da C\u00e1tedra UNESCO de Leitura da PUC-Rio, nos quais \u00e9 diretora da Revista L.E.R (Leitura em Revista), diretora visual da Revista C\u00e1tedra Digital e pesquisadora no Projeto O Brasil que L\u00ea.<\/span><\/h3>\t\t\t\t\t\t\t\t<\/div>\n\t\t\t\t\t<\/div>\n\t\t<\/div>\n\t\t\t\t<div class=\"elementor-column elementor-col-50 elementor-top-column elementor-element elementor-element-68d787b4\" data-id=\"68d787b4\" data-element_type=\"column\" data-e-type=\"column\">\n\t\t\t<div class=\"elementor-widget-wrap elementor-element-populated\">\n\t\t\t\t\t\t<div class=\"elementor-element elementor-element-1609fc78 elementor-widget elementor-widget-text-editor\" data-id=\"1609fc78\" data-element_type=\"widget\" data-e-type=\"widget\" data-widget_type=\"text-editor.default\">\n\t\t\t\t\t\t\t\t\t<ul><li><strong>Curr\u00edculo Lattes:<\/strong><\/li><\/ul><h5><span style=\"font-weight: normal;\">http:\/\/lattes.cnpq.br\/2098264844113312<\/span><\/h5><ul><li>\u00a0<\/li><li>Instagram<\/li><\/ul><h5><span style=\"font-weight: normal;\">@vivi.moreirasilva<\/span><\/h5><ul><li>Facebook<\/li><\/ul><h5><span style=\"font-weight: normal;\">https:\/\/www.facebook.com\/Vianems\/<\/span><\/h5><ul><li>YouTube<\/li><\/ul><h5><span style=\"font-weight: normal;\">https:\/\/www.youtube.com\/@cinevivi<\/span><\/h5>\t\t\t\t\t\t\t\t<\/div>\n\t\t\t\t\t<\/div>\n\t\t<\/div>\n\t\t\t\t\t<\/div>\n\t\t<\/section>\n\t\t\t\t<section class=\"elementor-section elementor-top-section elementor-element elementor-element-1f4a5457 elementor-section-boxed elementor-section-height-default elementor-section-height-default wpr-particle-no wpr-jarallax-no wpr-parallax-no wpr-sticky-section-no wpr-equal-height-no\" data-id=\"1f4a5457\" data-element_type=\"section\" data-e-type=\"section\">\n\t\t\t\t\t\t<div class=\"elementor-container elementor-column-gap-default\">\n\t\t\t\t\t<div class=\"elementor-column elementor-col-100 elementor-top-column elementor-element elementor-element-179eb114\" data-id=\"179eb114\" data-element_type=\"column\" data-e-type=\"column\">\n\t\t\t<div class=\"elementor-widget-wrap\">\n\t\t\t\t\t\t\t<\/div>\n\t\t<\/div>\n\t\t\t\t\t<\/div>\n\t\t<\/section>\n\t\t\t\t<\/div>\n\t\t","protected":false},"excerpt":{"rendered":"<p>Linha de pesquisa: Transdisciplinariedade, Feminismo, Religi\u00e3o e Tecnologia de Informa\u00e7\u00e3o e Comunica\u00e7\u00e3o. VIVIANE MOREIRA \u00e9 Mestra em Teologia pela Pontif\u00edcia Universidade Cat\u00f3lica do Rio de Janeiro \u2013 PUC-Rio. Nascida e criada nas CEBS, fez parte da coordena\u00e7\u00e3o da PJ \/Regional Leste II e participaou dos n\u00facleos de Forma\u00e7\u00e3o do CEBI- Minnas. Com forma\u00e7\u00e3o t\u00e9cnica em web design, possui experi\u00eancia em EAD por meio do trabalho como tutora no Curso de Teologia a Dist\u00e2ncia da PUC-Rio, experi\u00eancia profissional com inclus\u00e3o digital e implementa\u00e7\u00e3o de m\u00e9todos de utiliza\u00e7\u00e3o de TICs. Atualmente \u00e9 analista de m\u00eddias digitais do iiLer e da C\u00e1tedra UNESCO de Leitura da PUC-Rio, nos quais \u00e9 diretora da Revista L.E.R (Leitura em Revista), diretora visual da Revista C\u00e1tedra Digital e pesquisadora no Projeto O Brasil que L\u00ea. Curr\u00edculo Lattes: http:\/\/lattes.cnpq.br\/2098264844113312 \u00a0 Instagram @vivi.moreirasilva Facebook https:\/\/www.facebook.com\/Vianems\/ YouTube https:\/\/www.youtube.com\/@cinevivi<\/p>\n","protected":false},"author":2,"featured_media":294,"comment_status":"open","ping_status":"open","sticky":false,"template":"","format":"standard","meta":{"om_disable_all_campaigns":false,"_monsterinsights_skip_tracking":false,"_monsterinsights_sitenote_active":false,"_monsterinsights_sitenote_note":"","_monsterinsights_sitenote_category":0,"ocean_post_layout":"","ocean_both_sidebars_style":"","ocean_both_sidebars_content_width":0,"ocean_both_sidebars_sidebars_width":0,"ocean_sidebar":"","ocean_second_sidebar":"","ocean_disable_margins":"enable","ocean_add_body_class":"","ocean_shortcode_before_top_bar":"","ocean_shortcode_after_top_bar":"","ocean_shortcode_before_header":"","ocean_shortcode_after_header":"","ocean_has_shortcode":"","ocean_shortcode_after_title":"","ocean_shortcode_before_footer_widgets":"","ocean_shortcode_after_footer_widgets":"","ocean_shortcode_before_footer_bottom":"","ocean_shortcode_after_footer_bottom":"","ocean_display_top_bar":"default","ocean_display_header":"default","ocean_header_style":"","ocean_center_header_left_menu":"","ocean_custom_header_template":"","ocean_custom_logo":0,"ocean_custom_retina_logo":0,"ocean_custom_logo_max_width":0,"ocean_custom_logo_tablet_max_width":0,"ocean_custom_logo_mobile_max_width":0,"ocean_custom_logo_max_height":0,"ocean_custom_logo_tablet_max_height":0,"ocean_custom_logo_mobile_max_height":0,"ocean_header_custom_menu":"","ocean_menu_typo_font_family":"","ocean_menu_typo_font_subset":"","ocean_menu_typo_font_size":0,"ocean_menu_typo_font_size_tablet":0,"ocean_menu_typo_font_size_mobile":0,"ocean_menu_typo_font_size_unit":"px","ocean_menu_typo_font_weight":"","ocean_menu_typo_font_weight_tablet":"","ocean_menu_typo_font_weight_mobile":"","ocean_menu_typo_transform":"","ocean_menu_typo_transform_tablet":"","ocean_menu_typo_transform_mobile":"","ocean_menu_typo_line_height":0,"ocean_menu_typo_line_height_tablet":0,"ocean_menu_typo_line_height_mobile":0,"ocean_menu_typo_line_height_unit":"","ocean_menu_typo_spacing":0,"ocean_menu_typo_spacing_tablet":0,"ocean_menu_typo_spacing_mobile":0,"ocean_menu_typo_spacing_unit":"","ocean_menu_link_color":"","ocean_menu_link_color_hover":"","ocean_menu_link_color_active":"","ocean_menu_link_background":"","ocean_menu_link_hover_background":"","ocean_menu_link_active_background":"","ocean_menu_social_links_bg":"","ocean_menu_social_hover_links_bg":"","ocean_menu_social_links_color":"","ocean_menu_social_hover_links_color":"","ocean_disable_title":"default","ocean_disable_heading":"default","ocean_post_title":"","ocean_post_subheading":"","ocean_post_title_style":"","ocean_post_title_background_color":"","ocean_post_title_background":0,"ocean_post_title_bg_image_position":"","ocean_post_title_bg_image_attachment":"","ocean_post_title_bg_image_repeat":"","ocean_post_title_bg_image_size":"","ocean_post_title_height":0,"ocean_post_title_bg_overlay":0.5,"ocean_post_title_bg_overlay_color":"","ocean_disable_breadcrumbs":"default","ocean_breadcrumbs_color":"","ocean_breadcrumbs_separator_color":"","ocean_breadcrumbs_links_color":"","ocean_breadcrumbs_links_hover_color":"","ocean_display_footer_widgets":"default","ocean_display_footer_bottom":"default","ocean_custom_footer_template":"","ocean_post_oembed":"","ocean_post_self_hosted_media":"","ocean_post_video_embed":"","ocean_link_format":"","ocean_link_format_target":"self","ocean_quote_format":"","ocean_quote_format_link":"post","ocean_gallery_link_images":"on","ocean_gallery_id":[],"footnotes":""},"categories":[9,7,6,11,30,33,195,25,194],"tags":[197,198,196],"class_list":["post-496","post","type-post","status-publish","format-standard","has-post-thumbnail","hentry","category-atuacao-profissional","category-cidade","category-estado","category-nome","category-rio-de-janeiro-cidade","category-rj","category-teologa-e-pesquisado-na-puc-rio","category-teologas","category-viviane-aparecida-moreira-silva","tag-feminismo","tag-religiao-e-tecnologia-de-informacao-e-comunicacao","tag-transdisciplinariedade","entry","has-media"],"aioseo_notices":[],"_links":{"self":[{"href":"https:\/\/xn--redebrasileiradetelogas-njc.org\/index.php\/wp-json\/wp\/v2\/posts\/496","targetHints":{"allow":["GET"]}}],"collection":[{"href":"https:\/\/xn--redebrasileiradetelogas-njc.org\/index.php\/wp-json\/wp\/v2\/posts"}],"about":[{"href":"https:\/\/xn--redebrasileiradetelogas-njc.org\/index.php\/wp-json\/wp\/v2\/types\/post"}],"author":[{"embeddable":true,"href":"https:\/\/xn--redebrasileiradetelogas-njc.org\/index.php\/wp-json\/wp\/v2\/users\/2"}],"replies":[{"embeddable":true,"href":"https:\/\/xn--redebrasileiradetelogas-njc.org\/index.php\/wp-json\/wp\/v2\/comments?post=496"}],"version-history":[{"count":4,"href":"https:\/\/xn--redebrasileiradetelogas-njc.org\/index.php\/wp-json\/wp\/v2\/posts\/496\/revisions"}],"predecessor-version":[{"id":500,"href":"https:\/\/xn--redebrasileiradetelogas-njc.org\/index.php\/wp-json\/wp\/v2\/posts\/496\/revisions\/500"}],"wp:featuredmedia":[{"embeddable":true,"href":"https:\/\/xn--redebrasileiradetelogas-njc.org\/index.php\/wp-json\/wp\/v2\/media\/294"}],"wp:attachment":[{"href":"https:\/\/xn--redebrasileiradetelogas-njc.org\/index.php\/wp-json\/wp\/v2\/media?parent=496"}],"wp:term":[{"taxonomy":"category","embeddable":true,"href":"https:\/\/xn--redebrasileiradetelogas-njc.org\/index.php\/wp-json\/wp\/v2\/categories?post=496"},{"taxonomy":"post_tag","embeddable":true,"href":"https:\/\/xn--redebrasileiradetelogas-njc.org\/index.php\/wp-json\/wp\/v2\/tags?post=496"}],"curies":[{"name":"wp","href":"https:\/\/api.w.org\/{rel}","templated":true}]}}